{"id":508,"date":"2022-01-17T16:08:16","date_gmt":"2022-01-17T16:08:16","guid":{"rendered":"https:\/\/kt43.koeln\/?p=508"},"modified":"2022-01-17T16:17:23","modified_gmt":"2022-01-17T16:17:23","slug":"update-corona-schutzverordnung-17-01-2022","status":"publish","type":"post","link":"https:\/\/kt43.koeln\/?p=508","title":{"rendered":"Update Corona Schutzverordnung &#8211; g\u00fcltig ab 17.01.2022"},"content":{"rendered":"<p>Liebe Sportlerinnen und Sportler,<\/p>\n<p>liebe Eltern,<\/p>\n<p>in unserer letzten Rundmail vom 9.1.2022 haben wir \u00fcber die 2G- und 2G+-Regeln beim Indoor- und Outdoor-Sport sowie \u00fcber die Sonderregelungen f\u00fcr Kinder und Jugendliche informiert. Seit dem 17.01.2022 gilt eine \u00fcberarbeitete Corona-Schutzverordnung, in der das Land NRW die Beschl\u00fcsse der MPK vom 7.1.2022 erneut konkretisiert. Die Verordnung gilt bis zum 9.2.2022.<\/p>\n<p>F\u00fcr den Vereinssport von besonderer Relevanz sind die Erleichterungen f\u00fcr <strong>Geboosterte <\/strong>und <strong>Genesene<\/strong> mit doppelter Impfung, aber auch die Versch\u00e4rfungen bei den Regeln f\u00fcr Jugendliche ab 16 Jahre. Was hei\u00dft das nun konkret f\u00fcr den Sportbetrieb der KT?<\/p>\n<ol>\n<li><strong> Sport in Turn- und Sporthallen: 2G+<\/strong><\/li>\n<\/ol>\n<p>Bei der gemeinsamen Sportaus\u00fcbung gilt die 2G+-Regel. Immunisierte Personen (geimpft\/genesen) m\u00fcssen zus\u00e4tzlich einen aktuellen, negativen Schnelltestnachweis, der nicht \u00e4lter als 24 Stunden ist, oder einen PCR-Test, der nicht \u00e4lter als 48 Stunden ist, mit sich f\u00fchren.\u00a0<em><strong>Folgende Personen sind von der Testpflicht ausgenommen:<\/strong><\/em><\/p>\n<ul class=\"ul-normal\">\n<li><em><strong>Personen mit Auffrischungsimpfung (als Auffrischungsimpfung gelten immer drei Impfungen &#8211; gilt auch f\u00fcr Geimpfte mit Johnson &amp; Johnson)<\/strong><\/em><\/li>\n<li><em><strong>Personen mit zwei Impfungen, deren Zweitimpfung min. 14 Tage und max. 90 Tage zur\u00fcckliegt.<\/strong><\/em><\/li>\n<li><em><strong>Genesene, deren Infektion min. 28 Tage und max. 90 Tage zur\u00fcckliegt.<\/strong><\/em><\/li>\n<li><em><strong>Genesene (Nachweis \u00fcber positiven PCR-Nachweis), die min. eine zus\u00e4tzliche Impfung haben.<\/strong><\/em><\/li>\n<\/ul>\n<p><em><strong>Diese Regeln gelten auch f\u00fcr unsere Vereinsgastronomie!<\/strong><\/em><\/p>\n<p>Sch\u00fclerinnen und Sch\u00fcler sind bis zu einem Alter von einschlie\u00dflich 15 Jahren immunisierten Personen gleichgestellt. Da sie regelm\u00e4\u00dfig in der Schule getestet werden, ben\u00f6tigen sie zur Sportaus\u00fcbung keinen Testnachweis. Vorschulkinder sind von der Testpflicht und von der Verpflichtung zum Tragen einer Maske grunds\u00e4tzlich ausgenommen.<\/p>\n<p>Ab dem 17. Januar 2022 fallen Sch\u00fclerinnen und Sch\u00fcler, die \u00e4lter als 15 Jahre sind, ebenfalls unter die 2G+-Regeln (siehe oben). Auch sie m\u00fcssen geimpft oder genesen sein. Sie gelten per se als schulgetestet. Der Schultest gilt <strong>nicht<\/strong> als Immunisierungsnachweis!<\/p>\n<p>Jugendliche, die keine Sch\u00fcler*innen mehr sind (Azubis, Studierende etc.), m\u00fcssen wie die Erwachsenen ebenfalls die 2G+-Vorgaben erf\u00fcllen.<\/p>\n<ol start=\"2\">\n<li><strong> Sport auf dem Sportplatz: 2G<\/strong><\/li>\n<\/ol>\n<p>F\u00fcr die gemeinsame Sportaus\u00fcbung gilt, dass nur geimpfte oder genesene Personen teilnehmen d\u00fcrfen.<\/p>\n<p>Von dieser Regelung sind nur Sch\u00fclerinnen und Sch\u00fcler bis zu einem Alter von einschlie\u00dflich 15 Jahren ausgenommen. Alle \u00e4lteren Jugendlichen fallen ab dem 17. Januar 2022 unter die 2G-Regel. Schultestungen ersetzen <strong>nicht<\/strong> die Immunisierung!<\/p>\n<p>Weitere Informationen finden Sie auf der Internetseite der Landesregierung unter <a href=\"http:\/\/www.land.nrw\">www.land.nrw<\/a> oder auf der Seite der KT unter <a href=\"http:\/\/www.kt43.de\">www.kt43.de<\/a>.<\/p>\n<p>Das RKI hat heute \u00fcber 90.000 Neuinfektionen gemeldet. Die hochansteckende Omikron-Variante ist mittlerweile f\u00fcr \u00fcber 70% der Infizierten verantwortlich und stellt somit auch f\u00fcr den Sport ein hohes Risiko dar. Vor diesem Hintergrund bitten wir Sie, sich verantwortungsbewusst zu verhalten. Wir z\u00e4hlen auf Ihre Unterst\u00fctzung und hoffen auf ein aktives Sportjahr 2022.<\/p>\n<p>Der Vorstand der K\u00f6lner Turnerschaft<\/p>\n","protected":false},"excerpt":{"rendered":"<p>Liebe Sportlerinnen und Sportler, liebe Eltern, in unserer letzten Rundmail vom 9.1.2022 haben wir \u00fcber die 2G- und 2G+-Regeln beim Indoor- und Outdoor-Sport sowie \u00fcber die Sonderregelungen f\u00fcr Kinder und Jugendliche informiert. Seit dem 17.01.2022 gilt eine \u00fcberarbeitete Corona-Schutzverordnung, in &hellip; <a href=\"https:\/\/kt43.koeln\/?p=508\">Weiterlesen <span class=\"meta-nav\">&rarr;<\/span><\/a><\/p>\n","protected":false},"author":1,"featured_media":0,"comment_status":"closed","ping_status":"open","sticky":false,"template":"","format":"standard","meta":{"footnotes":""},"categories":[2,3],"tags":[],"class_list":["post-508","post","type-post","status-publish","format-standard","hentry","category-aktuell","category-aus-der-geschaeftsstelle"],"_links":{"self":[{"href":"https:\/\/kt43.koeln\/index.php?rest_route=\/wp\/v2\/posts\/508","targetHints":{"allow":["GET"]}}],"collection":[{"href":"https:\/\/kt43.koeln\/index.php?rest_route=\/wp\/v2\/posts"}],"about":[{"href":"https:\/\/kt43.koeln\/index.php?rest_route=\/wp\/v2\/types\/post"}],"author":[{"embeddable":true,"href":"https:\/\/kt43.koeln\/index.php?rest_route=\/wp\/v2\/users\/1"}],"replies":[{"embeddable":true,"href":"https:\/\/kt43.koeln\/index.php?rest_route=%2Fwp%2Fv2%2Fcomments&post=508"}],"version-history":[{"count":5,"href":"https:\/\/kt43.koeln\/index.php?rest_route=\/wp\/v2\/posts\/508\/revisions"}],"predecessor-version":[{"id":513,"href":"https:\/\/kt43.koeln\/index.php?rest_route=\/wp\/v2\/posts\/508\/revisions\/513"}],"wp:attachment":[{"href":"https:\/\/kt43.koeln\/index.php?rest_route=%2Fwp%2Fv2%2Fmedia&parent=508"}],"wp:term":[{"taxonomy":"category","embeddable":true,"href":"https:\/\/kt43.koeln\/index.php?rest_route=%2Fwp%2Fv2%2Fcategories&post=508"},{"taxonomy":"post_tag","embeddable":true,"href":"https:\/\/kt43.koeln\/index.php?rest_route=%2Fwp%2Fv2%2Ftags&post=508"}],"curies":[{"name":"wp","href":"https:\/\/api.w.org\/{rel}","templated":true}]}}