{"id":616,"date":"2023-05-01T11:37:20","date_gmt":"2023-05-01T11:37:20","guid":{"rendered":"https:\/\/kt43.koeln\/?p=616"},"modified":"2023-05-01T11:44:23","modified_gmt":"2023-05-01T11:44:23","slug":"rewe-aktion-2023-scheine-fuer-vereine-ist-zurueck","status":"publish","type":"post","link":"https:\/\/kt43.koeln\/?p=616","title":{"rendered":"REWE Aktion 2023: &#8222;Scheine f\u00fcr Vereine&#8220; ist zur\u00fcck !"},"content":{"rendered":"<p>Wie schon aus den letzten Jahren bekannt, ist <a href=\"https:\/\/scheinefuervereine.rewe.de\/\" target=\"_blank\" rel=\"noopener\">&#8222;Scheine f\u00fcr Vereine&#8220;<\/a> zur\u00fcck und l\u00e4uft vom 01.05. bis zum 11.06.2023.<\/p>\n<p>Wir hoffen das wir auch dieses mal wieder einige neue Pr\u00e4mien von den Vereinsscheinen einl\u00f6sen k\u00f6nnen. Also sammelt bitte flei\u00dfig und registriert die Vereinsscheine f\u00fcr uns, oder gebt sie auch gerne bei uns ab. Wir bedanken uns schon einmal herzlich f\u00fcr eure Unterst\u00fctzung.<\/p>\n<p><a href=\"https:\/\/kt43.koeln\/wp-content\/uploads\/2023\/05\/REWE_Scheine-fuer-Vereine_Poster-Feed_230501.jpg\" target=\"_blank\" rel=\"noopener\"><img loading=\"lazy\" decoding=\"async\" class=\"alignnone wp-image-620 size-medium\" src=\"https:\/\/kt43.koeln\/wp-content\/uploads\/2023\/05\/REWE_Scheine-fuer-Vereine_Poster-Feed_230501-240x300.jpg\" alt=\"Scheine f\u00fcr Vereine\" width=\"240\" height=\"300\" srcset=\"https:\/\/kt43.koeln\/wp-content\/uploads\/2023\/05\/REWE_Scheine-fuer-Vereine_Poster-Feed_230501-240x300.jpg 240w, https:\/\/kt43.koeln\/wp-content\/uploads\/2023\/05\/REWE_Scheine-fuer-Vereine_Poster-Feed_230501-819x1024.jpg 819w, https:\/\/kt43.koeln\/wp-content\/uploads\/2023\/05\/REWE_Scheine-fuer-Vereine_Poster-Feed_230501-768x960.jpg 768w, https:\/\/kt43.koeln\/wp-content\/uploads\/2023\/05\/REWE_Scheine-fuer-Vereine_Poster-Feed_230501-1229x1536.jpg 1229w, https:\/\/kt43.koeln\/wp-content\/uploads\/2023\/05\/REWE_Scheine-fuer-Vereine_Poster-Feed_230501.jpg 1512w\" sizes=\"auto, (max-width: 240px) 100vw, 240px\" \/><\/a><\/p>\n<p>Viele Gr\u00fc\u00dfe Udo<\/p>\n<ul>\n<li>i.A. K\u00f6lner Turnerschaft \u2013 EDV<\/li>\n<\/ul>\n","protected":false},"excerpt":{"rendered":"<p>Wie schon aus den letzten Jahren bekannt, ist &#8222;Scheine f\u00fcr Vereine&#8220; zur\u00fcck und l\u00e4uft vom 01.05. bis zum 11.06.2023. Wir hoffen das wir auch dieses mal wieder einige neue Pr\u00e4mien von den Vereinsscheinen einl\u00f6sen k\u00f6nnen. Also sammelt bitte flei\u00dfig und &hellip; <a href=\"https:\/\/kt43.koeln\/?p=616\">Weiterlesen <span class=\"meta-nav\">&rarr;<\/span><\/a><\/p>\n","protected":false},"author":1,"featured_media":0,"comment_status":"closed","ping_status":"open","sticky":false,"template":"","format":"standard","meta":{"footnotes":""},"categories":[2],"tags":[],"class_list":["post-616","post","type-post","status-publish","format-standard","hentry","category-aktuell"],"_links":{"self":[{"href":"https:\/\/kt43.koeln\/index.php?rest_route=\/wp\/v2\/posts\/616","targetHints":{"allow":["GET"]}}],"collection":[{"href":"https:\/\/kt43.koeln\/index.php?rest_route=\/wp\/v2\/posts"}],"about":[{"href":"https:\/\/kt43.koeln\/index.php?rest_route=\/wp\/v2\/types\/post"}],"author":[{"embeddable":true,"href":"https:\/\/kt43.koeln\/index.php?rest_route=\/wp\/v2\/users\/1"}],"replies":[{"embeddable":true,"href":"https:\/\/kt43.koeln\/index.php?rest_route=%2Fwp%2Fv2%2Fcomments&post=616"}],"version-history":[{"count":6,"href":"https:\/\/kt43.koeln\/index.php?rest_route=\/wp\/v2\/posts\/616\/revisions"}],"predecessor-version":[{"id":624,"href":"https:\/\/kt43.koeln\/index.php?rest_route=\/wp\/v2\/posts\/616\/revisions\/624"}],"wp:attachment":[{"href":"https:\/\/kt43.koeln\/index.php?rest_route=%2Fwp%2Fv2%2Fmedia&parent=616"}],"wp:term":[{"taxonomy":"category","embeddable":true,"href":"https:\/\/kt43.koeln\/index.php?rest_route=%2Fwp%2Fv2%2Fcategories&post=616"},{"taxonomy":"post_tag","embeddable":true,"href":"https:\/\/kt43.koeln\/index.php?rest_route=%2Fwp%2Fv2%2Ftags&post=616"}],"curies":[{"name":"wp","href":"https:\/\/api.w.org\/{rel}","templated":true}]}}