{"id":636,"date":"2023-06-07T11:03:52","date_gmt":"2023-06-07T11:03:52","guid":{"rendered":"https:\/\/kt43.koeln\/?p=636"},"modified":"2023-06-09T10:06:19","modified_gmt":"2023-06-09T10:06:19","slug":"wvv-bfs-cup-2023-in-minden-bfs-mixed","status":"publish","type":"post","link":"https:\/\/kt43.koeln\/?p=636","title":{"rendered":"WVV-BFS-Cup 2023 in Minden &#8211; BFS-Mixed"},"content":{"rendered":"<p>Wir gratulieren &#8222;KT43 K\u00f6ln I&#8220; ganz herzlich zu eurem erfolgreichen Abschneiden bei den Westdeutschen BFS-Volleyball-Meisterschaften und w\u00fcnschen euch viel Erfolg und alles Gute f\u00fcr die Norddeutschen !<\/p>\n<p><a href=\"https:\/\/kt43.koeln\/wp-content\/uploads\/2023\/06\/KT43Koeln1_Mixed.jpg\" target=\"_blank\" rel=\"noopener\"><img loading=\"lazy\" decoding=\"async\" class=\"alignnone wp-image-640\" src=\"https:\/\/kt43.koeln\/wp-content\/uploads\/2023\/06\/KT43Koeln1_Mixed-300x247.jpg\" alt=\"\" width=\"349\" height=\"290\" \/><\/a><\/p>\n<p>Alle Ergebnisse findet ihr <a href=\"https:\/\/www.volleyball.nrw\/fileadmin\/BFS\/Dokumente\/WVV_BFS_Cup_Mixed_2023_Ergebnisse.pdf\" target=\"_blank\" rel=\"noopener\">hier !<\/a><\/p>\n<p>Viele Gr\u00fc\u00dfe Udo<\/p>\n<ul>\n<li>i.A. K\u00f6lner Turnerschaft \u2013 EDV<\/li>\n<\/ul>\n","protected":false},"excerpt":{"rendered":"<p>Wir gratulieren &#8222;KT43 K\u00f6ln I&#8220; ganz herzlich zu eurem erfolgreichen Abschneiden bei den Westdeutschen BFS-Volleyball-Meisterschaften und w\u00fcnschen euch viel Erfolg und alles Gute f\u00fcr die Norddeutschen ! Alle Ergebnisse findet ihr hier ! Viele Gr\u00fc\u00dfe Udo i.A. K\u00f6lner Turnerschaft \u2013 &hellip; <a href=\"https:\/\/kt43.koeln\/?p=636\">Weiterlesen <span class=\"meta-nav\">&rarr;<\/span><\/a><\/p>\n","protected":false},"author":1,"featured_media":0,"comment_status":"closed","ping_status":"open","sticky":false,"template":"","format":"standard","meta":{"footnotes":""},"categories":[2],"tags":[],"class_list":["post-636","post","type-post","status-publish","format-standard","hentry","category-aktuell"],"_links":{"self":[{"href":"https:\/\/kt43.koeln\/index.php?rest_route=\/wp\/v2\/posts\/636","targetHints":{"allow":["GET"]}}],"collection":[{"href":"https:\/\/kt43.koeln\/index.php?rest_route=\/wp\/v2\/posts"}],"about":[{"href":"https:\/\/kt43.koeln\/index.php?rest_route=\/wp\/v2\/types\/post"}],"author":[{"embeddable":true,"href":"https:\/\/kt43.koeln\/index.php?rest_route=\/wp\/v2\/users\/1"}],"replies":[{"embeddable":true,"href":"https:\/\/kt43.koeln\/index.php?rest_route=%2Fwp%2Fv2%2Fcomments&post=636"}],"version-history":[{"count":5,"href":"https:\/\/kt43.koeln\/index.php?rest_route=\/wp\/v2\/posts\/636\/revisions"}],"predecessor-version":[{"id":645,"href":"https:\/\/kt43.koeln\/index.php?rest_route=\/wp\/v2\/posts\/636\/revisions\/645"}],"wp:attachment":[{"href":"https:\/\/kt43.koeln\/index.php?rest_route=%2Fwp%2Fv2%2Fmedia&parent=636"}],"wp:term":[{"taxonomy":"category","embeddable":true,"href":"https:\/\/kt43.koeln\/index.php?rest_route=%2Fwp%2Fv2%2Fcategories&post=636"},{"taxonomy":"post_tag","embeddable":true,"href":"https:\/\/kt43.koeln\/index.php?rest_route=%2Fwp%2Fv2%2Ftags&post=636"}],"curies":[{"name":"wp","href":"https:\/\/api.w.org\/{rel}","templated":true}]}}